{"id":136,"date":"2020-02-02T12:21:30","date_gmt":"2020-02-02T10:21:30","guid":{"rendered":"https:\/\/saubere-veranstaltung.blog\/?p=136"},"modified":"2020-03-19T11:23:42","modified_gmt":"2020-03-19T09:23:42","slug":"ou-en-sommes-nous-des-objectifs-net-zero-et-zero-dechet","status":"publish","type":"post","link":"https:\/\/saubere-veranstaltung.blog\/fr\/ou-en-sommes-nous-des-objectifs-net-zero-et-zero-dechet\/","title":{"rendered":"ANNULATION: O\u00f9 en sommes-nous des objectifs \u00abNet z\u00e9ro et z\u00e9ro d\u00e9chet?\u00bb"},"content":{"rendered":"<strong>ANNULATION \u2013 Ev\u00e9nement \u00e0 Zurich: o\u00f9 en sommes-nous des visions Net Z\u00e9ro et Zerowaste ?\r\nLa rencontre de r\u00e9seautage a d\u00fb \u00eatre annul\u00e9e en raison de l\u2019\u00e9pid\u00e9mie de Coronavirus.<\/strong>\r\n\r\n<p class=\"wp-block-paragraph\"><strong>O\u00f9 en sommes-nous des objectifs \u00ab\u00a0Net z\u00e9ro et z\u00e9ro d\u00e9chet\u00a0?\u00a0\u00bb\u00a0: protection du climat et r\u00e9duction des d\u00e9chets \u00e0 la SOLA Stafette Zurich<\/strong><br \/><br \/>\u00c9v\u00e9nement de r\u00e9seautage pour les organisateurs d&rsquo;\u00e9v\u00e9nements et les autorit\u00e9s<br \/><br \/>Samedi 9 mai 2020, de 12h30 \u00e0 17h00<br \/><br \/>Campus Irchel, Winterthurerstrasse 190, 8057 Zurich<br \/><br \/><strong>Un regard unique dans les coulisses de la course de relais SOLA Stafette \u00e0 Zurich, le plus grand \u00e9v\u00e9nement sportif universitaire de Suisse. Vivez le d\u00e9part et l&rsquo;arriv\u00e9e des 14&rsquo;000 coureurs!<\/strong><\/p>\r\n\r\n\r\n\r\n<p class=\"wp-block-paragraph\">Quelque 250 \u00e9v\u00e9nements enregistr\u00e9s b\u00e9n\u00e9ficient d\u00e9j\u00e0 des recommandations de \u00ab\u00a0manifestation-verte.ch\u00a0\u00bb dans des domaines tels que l&rsquo;alimentation, l&rsquo;\u00e9nergie et les infrastructures, les d\u00e9chets et le littering ou la mobilit\u00e9 et les transports. En outre, il existe chaque ann\u00e9e des centaines d&rsquo;autres manifestations dans toute la Suisse pour lesquelles la gestion de la durabilit\u00e9 s&rsquo;est av\u00e9r\u00e9e apporter des avantages majeurs, notamment en termes \u00e9conomiques. Des exigences de plus en plus fr\u00e9quentes de la part des sponsors. \u00ab\u00a0Agissons !\u00a0\u00bb est la devise. Mais de quelle mani\u00e8re ?<br \/>L&rsquo;\u00e9v\u00e9nement de r\u00e9seautage \u00ab\u00a0Des manifestations respectueuses du climat et avec peu de d\u00e9chets \u2013 o\u00f9 en sommes-nous des objectifs Net z\u00e9ro et z\u00e9ro d\u00e9chet\u00a0?\u00a0\u00bb permet de jeter un coup d&rsquo;\u0153il dans les coulisses de la course de relais \u00ab\u00a0SOLA Stafette\u00a0\u00bb de Zurich, le plus grand \u00e9v\u00e9nement sportif universitaire de Suisse, raaemblant 1 000 \u00e9quipes et 14 000 coureurs. Au programme\u00a0: des interventions sur les visions \u00ab\u00a0Net Z\u00e9ro\u00a0\u00bb et \u00ab\u00a0Zerowaste\u00a0\u00bb, pr\u00e9sentation du concept de durabilit\u00e9 et ses mesures dans le domaine de la compatibilit\u00e9 climatique et de la pr\u00e9vention des d\u00e9chets de la SOLA Stafette, un espace de discussion avec des fournisseurs de services innovants sur leurs nouvelles offres et l&rsquo;\u00e9change de bonnes pratiques, y compris une d\u00e9monstration dans le domaine de la restauration. La promesse d\u2019un \u00e9v\u00e9nement de r\u00e9seautage passionnant.<br \/>Le passage de la ligne d&rsquo;arriv\u00e9e est une exp\u00e9rience unique. Ne manquez pas cette occasion !<\/p>\r\n\r\n\r\n\r\n<p class=\"wp-block-paragraph\"><strong>Programme<\/strong><br \/>12h30<br \/><strong>Accueil au d\u00e9part de SOLA-Stafette<\/strong><br \/><strong>Accueil, pr\u00e9sentation de manifestation-verte.ch, objectifs de l&rsquo;\u00e9v\u00e9nement de r\u00e9seautage, programme<\/strong><br \/>Bienvenue, pr\u00e9sentation de Manifestation Verte | Pourquoi ce sujet ?<br \/>Objectifs et programme | Speeddating des participants<br \/><strong>Net Z\u00e9ro et Zerowaste &#8211; plus que de simples mots \u00e0 la mode ?<\/strong><br \/>Quels sont les objectifs de ces deux visions, quels sont leurs rapports mutuels et o\u00f9 en sommes-nous aujourd&rsquo;hui ? Quels en sont les aspects pertinents pour la gestion d&rsquo;\u00e9v\u00e9nements ?<br \/>Discussion \u00e0 partir d\u2019une br\u00e8ve auto-\u00e9valuation des manifestations des participants.<br \/><strong>De la strat\u00e9gie \u00e0 la mise en \u0153uvre &#8211; succ\u00e8s et apprentissage dans le domaine du climat et des d\u00e9chets \u00e0 SOLA Stafette<\/strong><br \/>Strat\u00e9gie de durabilit\u00e9, rapports, mesures relatives au climat (centrale solaire thermique, photovolta\u00efque, transports, &#8230;), concept de gestion des d\u00e9chets (vaisselle r\u00e9utilisable, r\u00e9cup\u00e9ration du biogaz, d\u00e9chets alimentaires, &#8230;)<br \/>Discussion<br \/><strong>Plateforme organisateurs &#8211; autorit\u00e9s &#8211; prestataires de services<\/strong><br \/>Prestatires invit\u00e9s : Compotoi, Biocapi, Passareco, Cup and More, Ecomanif, My Climate, South Pole, ZeroWaste Switzerland, etc.<br \/><strong>La restauration, ses d\u00e9chets et son importance pour le climat<\/strong><br \/>Les aspects les plus importants et leur msie en \u0153uvre<br \/><strong>Ligne d&rsquo;arriv\u00e9e et ap\u00e9ritif<\/strong><br \/>Visite de la ligne d&rsquo;arriv\u00e9e<br \/>Ap\u00e9ritif et \u00e9change informel<br \/>Cl\u00f4ture<br \/>17h<\/p>\r\n\r\n\r\n\r\n<p class=\"wp-block-paragraph\"><strong>Informations pratiques<\/strong><br \/>Lieu: Campus de l&rsquo;Universit\u00e9 d&rsquo;Irchel, Zurich<br \/>Date, heure: Samedi 9 mai 2020 | 12h30 \u00e0 17h00<br \/>Prix: 100 CHF ; d\u00e9tenteurs de ProfilEVENT 70 CHF<\/p>\r\n\r\n\r\n\r\n<p class=\"wp-block-paragraph\">Inclut les pr\u00e9sentations, l\u2019\u00e9tude d\u2019exemples concrets sur site, les \u00e9changes formels et informels avec d&rsquo;autres organisateurs, des repr\u00e9sentants des autorit\u00e9s et des prestataires de services li\u00e9s aux th\u00e8mes abor\u00e9s, la visite du site de la SOLA-Stafette, le caf\u00e9 d&rsquo;accueil et un ap\u00e9ritif.<\/p>\r\n\r\n\r\n\r\n<p class=\"wp-block-paragraph\">Les d\u00e9tenteurs d\u2019EVENTprofil b\u00e9n\u00e9ficient d\u2019une remise de 30 CHF. La cr\u00e9ation d&rsquo;un profil prend environ 30 minutes et donne \u00e0 votre \u00e9v\u00e9nement une visibilit\u00e9 maximale sur les plateformes de Swiss Olympic et manifestation-verte.ch<\/p>\r\n\r\n\r\n\r\n<p class=\"wp-block-paragraph\">Date limite d&rsquo;inscription: Vendredi 1er mai 2020 &#8211; Le nombre de places est limit\u00e9.<br \/>Inscription:\u00a0<a href=\"https:\/\/www.2030etc.ch\/sola\" target=\"_blank\" rel=\"noreferrer noopener\">https:\/\/www.2030etc.ch\/sola<\/a><br \/>Contact: Ursula Spycher, uspycher@2030etc.ch, 079 793 97 13<\/p>\r\n","protected":false},"excerpt":{"rendered":"<p>ANNULATION \u2013 Ev\u00e9nement \u00e0 Zurich: o\u00f9 en sommes-nous des visions Net Z\u00e9ro et Zerowaste ? La rencontre de r\u00e9seautage a &hellip; <a class=\"more-link\" href=\"https:\/\/saubere-veranstaltung.blog\/fr\/ou-en-sommes-nous-des-objectifs-net-zero-et-zero-dechet\/\">Plus<\/a><\/p>\n","protected":false},"author":176841589,"featured_media":137,"comment_status":"open","ping_status":"open","sticky":false,"template":"","format":"standard","meta":{"_coblocks_attr":"","_coblocks_dimensions":"","_coblocks_responsive_height":"","_coblocks_accordion_ie_support":"","advanced_seo_description":"","jetpack_seo_html_title":"","jetpack_seo_noindex":false,"jetpack_seo_schema_type":"","_jetpack_newsletter_access":"","_jetpack_dont_email_post_to_subs":false,"_jetpack_newsletter_tier_id":0,"_jetpack_memberships_contains_paywalled_content":false,"_wpcom_ai_launchpad_first_post":false,"_jetpack_feature_clip_id":0,"_jetpack_memberships_contains_paid_content":false,"footnotes":"","jetpack_publicize_message":"{title}\n\n{excerpt}\n\n{url}","jetpack_publicize_feature_enabled":true,"jetpack_social_post_already_shared":true,"jetpack_social_options":{"image_generator_settings":{"template":"highway","default_image_id":0,"font":"","enabled":false},"version":2},"_wpas_customize_per_network":false,"jetpack_post_was_ever_published":false},"categories":[35902],"tags":[],"class_list":["post-136","post","type-post","status-publish","format-standard","has-post-thumbnail","hentry","category-non-classifiee","","fallback-thumbnail"],"jetpack_publicize_connections":[],"jetpack_likes_enabled":true,"jetpack_sharing_enabled":true,"jetpack_shortlink":"https:\/\/wp.me\/pbwSCu-2c","amp_enabled":true,"jetpack_featured_media_url":"https:\/\/i0.wp.com\/saubere-veranstaltung.blog\/wp-content\/uploads\/2020\/03\/sola.jpg?fit=1280%2C853&ssl=1","_links":{"self":[{"href":"https:\/\/saubere-veranstaltung.blog\/fr\/wp-json\/wp\/v2\/posts\/136","targetHints":{"allow":["GET"]}}],"collection":[{"href":"https:\/\/saubere-veranstaltung.blog\/fr\/wp-json\/wp\/v2\/posts"}],"about":[{"href":"https:\/\/saubere-veranstaltung.blog\/fr\/wp-json\/wp\/v2\/types\/post"}],"author":[{"embeddable":true,"href":"https:\/\/saubere-veranstaltung.blog\/fr\/wp-json\/wp\/v2\/users\/176841589"}],"replies":[{"embeddable":true,"href":"https:\/\/saubere-veranstaltung.blog\/fr\/wp-json\/wp\/v2\/comments?post=136"}],"version-history":[{"count":5,"href":"https:\/\/saubere-veranstaltung.blog\/fr\/wp-json\/wp\/v2\/posts\/136\/revisions"}],"predecessor-version":[{"id":284,"href":"https:\/\/saubere-veranstaltung.blog\/fr\/wp-json\/wp\/v2\/posts\/136\/revisions\/284"}],"wp:featuredmedia":[{"embeddable":true,"href":"https:\/\/saubere-veranstaltung.blog\/fr\/wp-json\/wp\/v2\/media\/137"}],"wp:attachment":[{"href":"https:\/\/saubere-veranstaltung.blog\/fr\/wp-json\/wp\/v2\/media?parent=136"}],"wp:term":[{"taxonomy":"category","embeddable":true,"href":"https:\/\/saubere-veranstaltung.blog\/fr\/wp-json\/wp\/v2\/categories?post=136"},{"taxonomy":"post_tag","embeddable":true,"href":"https:\/\/saubere-veranstaltung.blog\/fr\/wp-json\/wp\/v2\/tags?post=136"}],"curies":[{"name":"wp","href":"https:\/\/api.w.org\/{rel}","templated":true}]}}