{"id":1588,"date":"2024-08-30T10:06:13","date_gmt":"2024-08-30T08:06:13","guid":{"rendered":"https:\/\/saubere-veranstaltung.blog\/?p=1588"},"modified":"2024-08-30T10:20:22","modified_gmt":"2024-08-30T08:20:22","slug":"soyez-audacieux-et-creatifs-le-developpement-durable-aux-championnats-du-monde-de-cyclisme-sur-route-et-de-para-cyclisme-zurich-2024","status":"publish","type":"post","link":"https:\/\/saubere-veranstaltung.blog\/fr\/soyez-audacieux-et-creatifs-le-developpement-durable-aux-championnats-du-monde-de-cyclisme-sur-route-et-de-para-cyclisme-zurich-2024\/","title":{"rendered":"Soyez audacieux et cr\u00e9atifs! &#8211; Le d\u00e9veloppement durable aux Championnats du monde de cyclisme sur route et de para-cyclisme Zurich 2024"},"content":{"rendered":"<p>Interview avec Fabienne Dirksen, responsable du d\u00e9veloppement durable pour les championnats du monde de cyclisme et de para-cyclisme sur route Zurich 2024 du 23 ao\u00fbt 2024<\/p>\n<p><strong>Depuis quand vous pr\u00e9parez-vous ?<br \/>\n<\/strong>L&rsquo;association est organis\u00e9e depuis 2019, je l&rsquo;ai rejointe au printemps 2023. Il y a toute une \u00e9quipe responsable des mesures d&rsquo;accompagnement et des projets Legacy, o\u00f9 je suis responsable de la durabilit\u00e9.<\/p>\n<p>&nbsp;<\/p>\n<p><strong>Pour ce m\u00e9ga-\u00e9v\u00e9nement, vous avez d\u00e9j\u00e0 acquis beaucoup d&rsquo;exp\u00e9rience et r\u00e9fl\u00e9chi \u00e0 des concepts de durabilit\u00e9. Quelles ont \u00e9t\u00e9 pour vous les difficult\u00e9s \u00e0 surmonter ?<br \/>\n<\/strong>Ce qui est difficile, ce sont les ressources et le temps qui sont demand\u00e9s \u00e0 toute l&rsquo;\u00e9quipe. Le d\u00e9veloppement durable est pr\u00e9sent dans tous les domaines, du marketing \u00e0 l&rsquo;hospitalit\u00e9 en passant par les manifestations annexes. En faire une priorit\u00e9 est et a toujours \u00e9t\u00e9 un d\u00e9fi.<\/p>\n<p>J&rsquo;ai pris l&rsquo;habitude de lier judicieusement mon domaine \u00e0 d&rsquo;autres. Par exemple, lors de la recherche de sponsors, une mesure de durabilit\u00e9 peut g\u00e9n\u00e9rer une plus-value pour le sponsor et pour l&rsquo;\u00e9v\u00e9nement. Pour rendre l&rsquo;arriv\u00e9e \u00e0 v\u00e9lo plus s\u00fbre, nous avons par exemple trouv\u00e9 Abus comme partenaire pour les parkings \u00e0 v\u00e9los. Pour la restauration et l&rsquo;objectif de proposer 75% de catering v\u00e9g\u00e9tarien, nous avons trouv\u00e9 Tibits comme partenaire. Ou encore, pour les places visiteurs destin\u00e9es aux personnes en situation de handicap, nous avons pu gagner Axpo &amp; PluSport. Il est important de rester cr\u00e9atif et de g\u00e9n\u00e9rer des id\u00e9es qui font sens pour les autres et qui sont passionnantes, plut\u00f4t que d&rsquo;argumenter avec des directives.<\/p>\n<p>Certaines choses ne sont m\u00eame pas possibles. Une flotte de voitures \u00e9lectriques ne pourrait pas \u00eatre charg\u00e9e dans les proportions requises. La question centrale est la suivante : avec quels partenaires les projets sont-ils possibles ? Le d\u00e9veloppement durable n&rsquo;est pas un v\u0153u pieux.<\/p>\n<p>&nbsp;<\/p>\n<p><strong>En amont, le trac\u00e9 du parcours a donn\u00e9 lieu \u00e0 de nombreuses discussions. L&rsquo;\u00e9v\u00e9nement \u00e9tait presque sur le point d&rsquo;\u00eatre annul\u00e9. Quelles le\u00e7ons en avez-vous tir\u00e9es ?<br \/>\n<\/strong>Le parcours passe par le centre-ville et pour la premi\u00e8re fois, les championnats du monde de paracyclisme se d\u00e9rouleront en m\u00eame temps que les championnats du monde de cyclisme. C&rsquo;est unique, ils font le m\u00eame parcours, \u00e0 la m\u00eame heure, au m\u00eame \u00e9v\u00e9nement et franchissent la m\u00eame ligne d&rsquo;arriv\u00e9e ! C&rsquo;est une premi\u00e8re historique dans le sport et un jalon dans l&rsquo;inclusion.<\/p>\n<p>Comme il y a plus de cat\u00e9gories pour les diff\u00e9rents handicaps lors des championnats du monde de paracyclisme, les parcours sont ferm\u00e9s plus longtemps pendant la journ\u00e9e. Il en a r\u00e9sult\u00e9 un grand effort d&rsquo;information et de sensibilisation. Le canton, la ville et LOK Zurich 2024 informent depuis plus d&rsquo;un an et demi et de mani\u00e8re tr\u00e8s d\u00e9taill\u00e9e depuis avril 2024 sur l&rsquo;organisation du trafic pendant les championnats du monde de cyclisme et de paracyclisme. Plus de 650 s\u00e9ances d&rsquo;information, r\u00e9unions ou visites de terrain ont \u00e9t\u00e9 organis\u00e9es avec les riverains, les commer\u00e7ants, les entreprises, les d\u00e9taillants, les \u00e9coles, les institutions telles que les h\u00f4pitaux, les services de soins \u00e0 domicile, les services de transport, etc. et des solutions ont \u00e9t\u00e9 \u00e9labor\u00e9es pour garantir l&rsquo;acc\u00e8s et le fonctionnement.<\/p>\n<p>J&rsquo;esp\u00e8re que l&rsquo;enthousiasme sera palpable lors de l&rsquo;\u00e9v\u00e9nement et que la flamme pour les championnats du monde de cyclisme sera allum\u00e9e.<\/p>\n<p>&nbsp;<\/p>\n<p><strong><a href=\"https:\/\/i0.wp.com\/saubere-veranstaltung.blog\/wp-content\/uploads\/2024\/08\/blog_1_20240423_Scan-Charta-unterschrieben-300x212.jpg?ssl=1\"><img data-recalc-dims=\"1\" loading=\"lazy\" decoding=\"async\" data-attachment-id=\"1574\" data-permalink=\"https:\/\/saubere-veranstaltung.blog\/fr\/soyez-audacieux-et-creatifs-le-developpement-durable-aux-championnats-du-monde-de-cyclisme-sur-route-et-de-para-cyclisme-zurich-2024\/blog_1_20240423_scan-charta-unterschrieben-2\/\" data-orig-file=\"https:\/\/i0.wp.com\/saubere-veranstaltung.blog\/wp-content\/uploads\/2024\/08\/blog_1_20240423_Scan-Charta-unterschrieben.jpg?fit=1754%2C1240&amp;ssl=1\" data-orig-size=\"1754,1240\" data-comments-opened=\"1\" data-image-meta=\"{&quot;aperture&quot;:&quot;0&quot;,&quot;credit&quot;:&quot;&quot;,&quot;camera&quot;:&quot;&quot;,&quot;caption&quot;:&quot;&quot;,&quot;created_timestamp&quot;:&quot;0&quot;,&quot;copyright&quot;:&quot;&quot;,&quot;focal_length&quot;:&quot;0&quot;,&quot;iso&quot;:&quot;0&quot;,&quot;shutter_speed&quot;:&quot;0&quot;,&quot;title&quot;:&quot;&quot;,&quot;orientation&quot;:&quot;0&quot;}\" data-image-title=\"blog_1_20240423_Scan Charta unterschrieben\" data-image-description=\"\" data-image-caption=\"\" data-large-file=\"https:\/\/i0.wp.com\/saubere-veranstaltung.blog\/wp-content\/uploads\/2024\/08\/blog_1_20240423_Scan-Charta-unterschrieben.jpg?fit=1024%2C724&amp;ssl=1\" class=\"alignleft size-medium wp-image-1574\" src=\"https:\/\/i0.wp.com\/saubere-veranstaltung.blog\/wp-content\/uploads\/2024\/08\/blog_1_20240423_Scan-Charta-unterschrieben.jpg?resize=300%2C212&#038;ssl=1\" alt=\"\" width=\"300\" height=\"212\" srcset=\"https:\/\/i0.wp.com\/saubere-veranstaltung.blog\/wp-content\/uploads\/2024\/08\/blog_1_20240423_Scan-Charta-unterschrieben.jpg?resize=300%2C212&amp;ssl=1 300w, https:\/\/i0.wp.com\/saubere-veranstaltung.blog\/wp-content\/uploads\/2024\/08\/blog_1_20240423_Scan-Charta-unterschrieben.jpg?resize=1024%2C724&amp;ssl=1 1024w, https:\/\/i0.wp.com\/saubere-veranstaltung.blog\/wp-content\/uploads\/2024\/08\/blog_1_20240423_Scan-Charta-unterschrieben.jpg?resize=768%2C543&amp;ssl=1 768w, https:\/\/i0.wp.com\/saubere-veranstaltung.blog\/wp-content\/uploads\/2024\/08\/blog_1_20240423_Scan-Charta-unterschrieben.jpg?resize=1536%2C1086&amp;ssl=1 1536w, https:\/\/i0.wp.com\/saubere-veranstaltung.blog\/wp-content\/uploads\/2024\/08\/blog_1_20240423_Scan-Charta-unterschrieben.jpg?resize=720%2C509&amp;ssl=1 720w, https:\/\/i0.wp.com\/saubere-veranstaltung.blog\/wp-content\/uploads\/2024\/08\/blog_1_20240423_Scan-Charta-unterschrieben.jpg?resize=560%2C396&amp;ssl=1 560w, https:\/\/i0.wp.com\/saubere-veranstaltung.blog\/wp-content\/uploads\/2024\/08\/blog_1_20240423_Scan-Charta-unterschrieben.jpg?w=1754&amp;ssl=1 1754w\" sizes=\"auto, (max-width: 300px) 100vw, 300px\" \/><\/a>Dans quelle mesure votre r\u00e9flexion sur la durabilit\u00e9 a-t-elle aid\u00e9 \u00e0 la gestion des parties prenantes ?<\/strong><br \/>\nOui, c&rsquo;est essentiel. D\u00e8s le d\u00e9but, nous avons rassembl\u00e9 les principaux actrices et acteurs et avons entam\u00e9 un dialogue avec eux : Qu&rsquo;est-ce qui est important pour vous ? Avez-vous des id\u00e9es que vous aimeriez mettre en \u0153uvre ? Quels sont les th\u00e8mes essentiels qui ont un impact important ? Et enfin, il est important que ce ne soit pas le concept d&rsquo;une seule personne, mais le \u00ab\u00a0b\u00e9b\u00e9\u00a0\u00bb de tous.<\/p>\n<p>Pour cela, nous avons d\u00e9velopp\u00e9 une charte qui doit devenir un outil pertinent. Elle doit \u00eatre lue et utilis\u00e9e &#8211; des informations pr\u00e9sent\u00e9es de mani\u00e8re simple et compr\u00e9hensible, afin que les responsables puissent s&rsquo;y identifier.<\/p>\n<p>Outre notre vision et nos objectifs, les mesures centrales sont \u00e9num\u00e9r\u00e9es dans les quatre domaines de l&rsquo;environnement, de la soci\u00e9t\u00e9, de l&rsquo;\u00e9conomie et de la gestion et sign\u00e9es par nos principaux responsables. Parall\u00e8lement, nous avons d\u00e9termin\u00e9 des projets phares qui ont un grand impact. C&rsquo;est ainsi que sept chartes diff\u00e9rentes ont \u00e9t\u00e9 \u00e9labor\u00e9es pour diff\u00e9rentes \u00e9quipes. Nous avons ensuite adapt\u00e9 les mesures de la charte afin qu&rsquo;elles soient adapt\u00e9es et pertinentes pour les diff\u00e9rents groupes d&rsquo;interlocuteurs (par ex. Gastro). La base, avec nos objectifs et notre vision, est rest\u00e9e la m\u00eame.<\/p>\n<p>&nbsp;<\/p>\n<p><strong><a href=\"https:\/\/i0.wp.com\/saubere-veranstaltung.blog\/wp-content\/uploads\/2024\/08\/blog_3_image001-1-300x212.jpg?ssl=1\"><img data-recalc-dims=\"1\" loading=\"lazy\" decoding=\"async\" data-attachment-id=\"1568\" data-permalink=\"https:\/\/saubere-veranstaltung.blog\/fr\/soyez-audacieux-et-creatifs-le-developpement-durable-aux-championnats-du-monde-de-cyclisme-sur-route-et-de-para-cyclisme-zurich-2024\/blog_3_image001-1-2\/\" data-orig-file=\"https:\/\/i0.wp.com\/saubere-veranstaltung.blog\/wp-content\/uploads\/2024\/08\/blog_3_image001-1.jpg?fit=1753%2C1240&amp;ssl=1\" data-orig-size=\"1753,1240\" data-comments-opened=\"1\" data-image-meta=\"{&quot;aperture&quot;:&quot;0&quot;,&quot;credit&quot;:&quot;&quot;,&quot;camera&quot;:&quot;&quot;,&quot;caption&quot;:&quot;&quot;,&quot;created_timestamp&quot;:&quot;0&quot;,&quot;copyright&quot;:&quot;&quot;,&quot;focal_length&quot;:&quot;0&quot;,&quot;iso&quot;:&quot;0&quot;,&quot;shutter_speed&quot;:&quot;0&quot;,&quot;title&quot;:&quot;&quot;,&quot;orientation&quot;:&quot;1&quot;}\" data-image-title=\"blog_3_image001-1\" data-image-description=\"\" data-image-caption=\"\" data-large-file=\"https:\/\/i0.wp.com\/saubere-veranstaltung.blog\/wp-content\/uploads\/2024\/08\/blog_3_image001-1.jpg?fit=1024%2C724&amp;ssl=1\" class=\"alignleft size-medium wp-image-1568\" src=\"https:\/\/i0.wp.com\/saubere-veranstaltung.blog\/wp-content\/uploads\/2024\/08\/blog_3_image001-1.jpg?resize=300%2C212&#038;ssl=1\" alt=\"\" width=\"300\" height=\"212\" srcset=\"https:\/\/i0.wp.com\/saubere-veranstaltung.blog\/wp-content\/uploads\/2024\/08\/blog_3_image001-1.jpg?resize=300%2C212&amp;ssl=1 300w, https:\/\/i0.wp.com\/saubere-veranstaltung.blog\/wp-content\/uploads\/2024\/08\/blog_3_image001-1.jpg?resize=1024%2C724&amp;ssl=1 1024w, https:\/\/i0.wp.com\/saubere-veranstaltung.blog\/wp-content\/uploads\/2024\/08\/blog_3_image001-1.jpg?resize=768%2C543&amp;ssl=1 768w, https:\/\/i0.wp.com\/saubere-veranstaltung.blog\/wp-content\/uploads\/2024\/08\/blog_3_image001-1.jpg?resize=1536%2C1087&amp;ssl=1 1536w, https:\/\/i0.wp.com\/saubere-veranstaltung.blog\/wp-content\/uploads\/2024\/08\/blog_3_image001-1.jpg?resize=720%2C509&amp;ssl=1 720w, https:\/\/i0.wp.com\/saubere-veranstaltung.blog\/wp-content\/uploads\/2024\/08\/blog_3_image001-1.jpg?resize=560%2C396&amp;ssl=1 560w, https:\/\/i0.wp.com\/saubere-veranstaltung.blog\/wp-content\/uploads\/2024\/08\/blog_3_image001-1.jpg?w=1753&amp;ssl=1 1753w\" sizes=\"auto, (max-width: 300px) 100vw, 300px\" \/><\/a>Les cyclistes professionnels sont des mod\u00e8les. Comment les impliquez-vous dans vos r\u00e9flexions sur la durabilit\u00e9 ?<br \/>\n<\/strong>Nous avons 50% d\u2019ambassadrices et ambassadeurs en paracyclsime et 50% en non paracyclisme : Marlen Reusser, Stefan K\u00fcng, Fabian Recher et Flurina Rigling. Ce sont surtout les ambassadrices et ambassadeurs du paracyclsime qui obtiennent un grand impact dans le domaine de l&rsquo;inclusion gr\u00e2ce \u00e0 leur pr\u00e9sence. Dans notre \u00e9quipe se trouve \u00e9galement l&rsquo;ancien professionnel Tobias Fankhauser, qui se rend souvent dans les \u00e9coles pour sensibiliser et motiver les enfants. En travaillant dans la m\u00eame \u00e9quipe qu&rsquo;une personne concern\u00e9e, j&rsquo;ai pu moi aussi apprendre beaucoup de choses sur ce que cela signifie de vivre avec un handicap.<\/p>\n<p>&nbsp;<\/p>\n<p><strong><a href=\"https:\/\/i0.wp.com\/saubere-veranstaltung.blog\/wp-content\/uploads\/2024\/08\/Blog_2_Anreiserouten-300x212.png?ssl=1\"><img data-recalc-dims=\"1\" loading=\"lazy\" decoding=\"async\" data-attachment-id=\"1571\" data-permalink=\"https:\/\/saubere-veranstaltung.blog\/fr\/soyez-audacieux-et-creatifs-le-developpement-durable-aux-championnats-du-monde-de-cyclisme-sur-route-et-de-para-cyclisme-zurich-2024\/blog_2_anreiserouten-2\/\" data-orig-file=\"https:\/\/i0.wp.com\/saubere-veranstaltung.blog\/wp-content\/uploads\/2024\/08\/Blog_2_Anreiserouten.png?fit=1685%2C1191&amp;ssl=1\" data-orig-size=\"1685,1191\" data-comments-opened=\"1\" data-image-meta=\"{&quot;aperture&quot;:&quot;0&quot;,&quot;credit&quot;:&quot;&quot;,&quot;camera&quot;:&quot;&quot;,&quot;caption&quot;:&quot;&quot;,&quot;created_timestamp&quot;:&quot;0&quot;,&quot;copyright&quot;:&quot;&quot;,&quot;focal_length&quot;:&quot;0&quot;,&quot;iso&quot;:&quot;0&quot;,&quot;shutter_speed&quot;:&quot;0&quot;,&quot;title&quot;:&quot;&quot;,&quot;orientation&quot;:&quot;0&quot;}\" data-image-title=\"Blog_2_Anreiserouten\" data-image-description=\"\" data-image-caption=\"\" data-large-file=\"https:\/\/i0.wp.com\/saubere-veranstaltung.blog\/wp-content\/uploads\/2024\/08\/Blog_2_Anreiserouten.png?fit=1024%2C724&amp;ssl=1\" class=\"alignleft size-medium wp-image-1571\" src=\"https:\/\/i0.wp.com\/saubere-veranstaltung.blog\/wp-content\/uploads\/2024\/08\/Blog_2_Anreiserouten.png?resize=300%2C212&#038;ssl=1\" alt=\"\" width=\"300\" height=\"212\" srcset=\"https:\/\/i0.wp.com\/saubere-veranstaltung.blog\/wp-content\/uploads\/2024\/08\/Blog_2_Anreiserouten.png?resize=300%2C212&amp;ssl=1 300w, https:\/\/i0.wp.com\/saubere-veranstaltung.blog\/wp-content\/uploads\/2024\/08\/Blog_2_Anreiserouten.png?resize=1024%2C724&amp;ssl=1 1024w, https:\/\/i0.wp.com\/saubere-veranstaltung.blog\/wp-content\/uploads\/2024\/08\/Blog_2_Anreiserouten.png?resize=768%2C543&amp;ssl=1 768w, https:\/\/i0.wp.com\/saubere-veranstaltung.blog\/wp-content\/uploads\/2024\/08\/Blog_2_Anreiserouten.png?resize=1536%2C1086&amp;ssl=1 1536w, https:\/\/i0.wp.com\/saubere-veranstaltung.blog\/wp-content\/uploads\/2024\/08\/Blog_2_Anreiserouten.png?resize=720%2C509&amp;ssl=1 720w, https:\/\/i0.wp.com\/saubere-veranstaltung.blog\/wp-content\/uploads\/2024\/08\/Blog_2_Anreiserouten.png?resize=560%2C396&amp;ssl=1 560w, https:\/\/i0.wp.com\/saubere-veranstaltung.blog\/wp-content\/uploads\/2024\/08\/Blog_2_Anreiserouten.png?w=1685&amp;ssl=1 1685w\" sizes=\"auto, (max-width: 300px) 100vw, 300px\" \/><\/a>Comme pour de nombreux grands \u00e9v\u00e9nements, c&rsquo;est le d\u00e9placement du public qui a le plus d&rsquo;impact sur l&#8217;empreinte \u00e9cologique. Qu&rsquo;avez-vous pr\u00e9vu dans ce domaine, notamment pour limiter le trafic a\u00e9rien ? Quelle r\u00e9duction en attendez-vous sur les \u00e9missions totales de CO<sub>2<\/sub> de votre \u00e9v\u00e9nement ?<br \/>\n<\/strong>Il est difficile d&rsquo;\u00e9viter les d\u00e9placements en avion depuis d&rsquo;autres continents. En m\u00eame temps, le voyage est le plus gros pollueur. Nous essayons donc de motiver les personnes arrivant de Suisse ou des pays europ\u00e9ens voisins \u00e0 prendre le train ou, localement, \u00e0 venir \u00e0 v\u00e9lo. Pour cela, nous avons mis en place des parkings \u00e0 v\u00e9los surveill\u00e9s directement \u00e0 c\u00f4t\u00e9 de la fan zone. En outre, nous avons d\u00e9fini des itin\u00e9raires \u00e0 v\u00e9lo qui m\u00e8nent au centre de Zurich depuis toutes les directions. Sur notre site Internet, vous trouverez \u00e9galement des liens vers les trains pour les visiteurs.<\/p>\n<p>Nous essayons d&rsquo;\u00e9viter les voyages en avion plut\u00f4t que de les compenser. Je pense qu&rsquo;une partie des \u00e9quipes va certainement compenser et faire le bilan, mais nous n&rsquo;avons aucun contr\u00f4le sur ce point.<\/p>\n<p><strong>\u00a0<\/strong><strong>\u00a0<\/strong><\/p>\n<p><strong><a href=\"https:\/\/i0.wp.com\/saubere-veranstaltung.blog\/wp-content\/uploads\/2024\/08\/blog_5_image001-300x212.jpg?ssl=1\"><img data-recalc-dims=\"1\" loading=\"lazy\" decoding=\"async\" data-attachment-id=\"1579\" data-permalink=\"https:\/\/saubere-veranstaltung.blog\/fr\/soyez-audacieux-et-creatifs-le-developpement-durable-aux-championnats-du-monde-de-cyclisme-sur-route-et-de-para-cyclisme-zurich-2024\/blog_5_image001-2\/\" data-orig-file=\"https:\/\/i0.wp.com\/saubere-veranstaltung.blog\/wp-content\/uploads\/2024\/08\/blog_5_image001.jpg?fit=1753%2C1240&amp;ssl=1\" data-orig-size=\"1753,1240\" data-comments-opened=\"1\" data-image-meta=\"{&quot;aperture&quot;:&quot;0&quot;,&quot;credit&quot;:&quot;&quot;,&quot;camera&quot;:&quot;&quot;,&quot;caption&quot;:&quot;&quot;,&quot;created_timestamp&quot;:&quot;0&quot;,&quot;copyright&quot;:&quot;&quot;,&quot;focal_length&quot;:&quot;0&quot;,&quot;iso&quot;:&quot;0&quot;,&quot;shutter_speed&quot;:&quot;0&quot;,&quot;title&quot;:&quot;&quot;,&quot;orientation&quot;:&quot;1&quot;}\" data-image-title=\"blog_5_image001\" data-image-description=\"\" data-image-caption=\"\" data-large-file=\"https:\/\/i0.wp.com\/saubere-veranstaltung.blog\/wp-content\/uploads\/2024\/08\/blog_5_image001.jpg?fit=1024%2C724&amp;ssl=1\" class=\"alignleft size-medium wp-image-1579\" src=\"https:\/\/i0.wp.com\/saubere-veranstaltung.blog\/wp-content\/uploads\/2024\/08\/blog_5_image001.jpg?resize=300%2C212&#038;ssl=1\" alt=\"\" width=\"300\" height=\"212\" srcset=\"https:\/\/i0.wp.com\/saubere-veranstaltung.blog\/wp-content\/uploads\/2024\/08\/blog_5_image001.jpg?resize=300%2C212&amp;ssl=1 300w, https:\/\/i0.wp.com\/saubere-veranstaltung.blog\/wp-content\/uploads\/2024\/08\/blog_5_image001.jpg?resize=1024%2C724&amp;ssl=1 1024w, https:\/\/i0.wp.com\/saubere-veranstaltung.blog\/wp-content\/uploads\/2024\/08\/blog_5_image001.jpg?resize=768%2C543&amp;ssl=1 768w, https:\/\/i0.wp.com\/saubere-veranstaltung.blog\/wp-content\/uploads\/2024\/08\/blog_5_image001.jpg?resize=1536%2C1087&amp;ssl=1 1536w, https:\/\/i0.wp.com\/saubere-veranstaltung.blog\/wp-content\/uploads\/2024\/08\/blog_5_image001.jpg?resize=720%2C509&amp;ssl=1 720w, https:\/\/i0.wp.com\/saubere-veranstaltung.blog\/wp-content\/uploads\/2024\/08\/blog_5_image001.jpg?resize=560%2C396&amp;ssl=1 560w, https:\/\/i0.wp.com\/saubere-veranstaltung.blog\/wp-content\/uploads\/2024\/08\/blog_5_image001.jpg?w=1753&amp;ssl=1 1753w\" sizes=\"auto, (max-width: 300px) 100vw, 300px\" \/><\/a>Legacy, l&rsquo;h\u00e9ritage, joue un r\u00f4le de plus en plus important dans les efforts de durabilit\u00e9 des grands \u00e9v\u00e9nements. Comment vous assurez-vous que vos projets seront encore l\u00e0 dans 10-20 ans ?<br \/>\n<\/strong>Nous avons lanc\u00e9 plusieurs projets d&rsquo;h\u00e9ritage qui peuvent \u00eatre consult\u00e9s sur notre site web : <a href=\"http:\/\/www.zurich2024.com\/legacy\/\" rel=\"nofollow\">http:\/\/www.zurich2024.com\/legacy\/<\/a><\/p>\n<p>Par exemple, les projets suivants ont \u00e9t\u00e9 cr\u00e9\u00e9s\u00a0:<\/p>\n<ul>\n<li>diff\u00e9rents Zurich Rides pour des itin\u00e9raires de premi\u00e8re classe et bien entretenus dans la grande r\u00e9gion de Zurich, pour tout type de v\u00e9lo, en collaboration avec Zurich Tourisme<\/li>\n<li>une s\u00e9rie d&rsquo;\u00e9v\u00e9nements visant \u00e0 enthousiasmer les gens pour le v\u00e9lo \u00ab\u00a0Z\u00c4ME UFS VELO\u00a0\u00bb.<\/li>\n<li>le Veloforum Suisse, une plateforme nationale pour le v\u00e9lo dans le domaine B2B, r\u00e9unit les domaines th\u00e9matiques des loisirs, de la mobilit\u00e9, du sport, de la technologie et de la transformation.<\/li>\n<li>et Cycle-On Zurich, qui s&rsquo;engagent pour la promotion de la rel\u00e8ve dans le sport.<\/li>\n<\/ul>\n<p>Nous avons veill\u00e9 \u00e0 ce que les projets soient port\u00e9s par une organisation qui soit en mesure de poursuivre le projet apr\u00e8s la Coupe du monde.<\/p>\n<p>Nous esp\u00e9rons \u00e9galement que des outils comme la charte ou de nouvelles mesures comme l&rsquo;id\u00e9e des Hosted-Areas seront poursuivis. Par exemple, les cubes de si\u00e8ges (pour les accompagnateurs \u00e0 hauteur des fauteuils roulants) pourraient \u00e9galement \u00eatre utilis\u00e9s pour d&rsquo;autres \u00e9v\u00e9nements.<\/p>\n<p>&nbsp;<\/p>\n<h4><strong>Pour finir, ton conseil personnel aux coll\u00e8gues du d\u00e9veloppement durable ?<\/strong><\/h4>\n<p>Il est important d&rsquo;avoir un poste d\u00e9di\u00e9 \u00e0 la durabilit\u00e9 et une personne qui s&rsquo;occupe uniquement de ce sujet s\u00e9par\u00e9ment. Planifier \u00e0 l&rsquo;avance, pr\u00e9voir des ressources (temps et argent), impliquer les parties prenantes et l&rsquo;\u00e9quipe et aller chercher leurs attentes, ce sont des facteurs importants.<\/p>\n<p>Personnellement, travailler avec une personne handicap\u00e9e m&rsquo;a beaucoup aid\u00e9.<\/p>\n<p>Ce que je trouve \u00e9galement important : soyez courageux et cr\u00e9atifs, prenez parfois des risques ! Nous ne devons pas nous contenter de rouler au minimum pour faire avancer le sujet !<\/p>\n<p>&nbsp;<\/p>\n","protected":false},"excerpt":{"rendered":"<p>Interview avec Fabienne Dirksen, responsable du d\u00e9veloppement durable pour les championnats du monde de cyclisme et de para-cyclisme sur route &hellip; <a class=\"more-link\" href=\"https:\/\/saubere-veranstaltung.blog\/fr\/soyez-audacieux-et-creatifs-le-developpement-durable-aux-championnats-du-monde-de-cyclisme-sur-route-et-de-para-cyclisme-zurich-2024\/\">Plus<\/a><\/p>\n","protected":false},"author":176841589,"featured_media":1565,"comment_status":"open","ping_status":"open","sticky":false,"template":"","format":"image","meta":{"_coblocks_attr":"","_coblocks_dimensions":"","_coblocks_responsive_height":"","_coblocks_accordion_ie_support":"","advanced_seo_description":"","jetpack_seo_html_title":"","jetpack_seo_noindex":false,"jetpack_seo_schema_type":"","_jetpack_newsletter_access":"","_jetpack_dont_email_post_to_subs":false,"_jetpack_newsletter_tier_id":0,"_jetpack_memberships_contains_paywalled_content":false,"_wpcom_ai_launchpad_first_post":false,"_jetpack_feature_clip_id":0,"_jetpack_memberships_contains_paid_content":false,"footnotes":"","jetpack_publicize_message":"{title}\n\n{excerpt}\n\n{url}","jetpack_publicize_feature_enabled":true,"jetpack_social_post_already_shared":true,"jetpack_social_options":{"image_generator_settings":{"template":"highway","default_image_id":0,"font":"","enabled":false},"version":2},"_wpas_customize_per_network":false,"jetpack_post_was_ever_published":false},"categories":[35987],"tags":[36030,35950],"class_list":["post-1588","post","type-post","status-publish","format-image","has-post-thumbnail","hentry","category-good-practice","tag-bestpractice-fr","tag-sportevent-fr","post_format-post-format-image","","fallback-thumbnail"],"jetpack_publicize_connections":[],"jetpack_likes_enabled":true,"jetpack_sharing_enabled":true,"jetpack_shortlink":"https:\/\/wp.me\/pbwSCu-pC","amp_enabled":true,"jetpack_featured_media_url":"https:\/\/i0.wp.com\/saubere-veranstaltung.blog\/wp-content\/uploads\/2024\/08\/blog_4_Hosted-Area-by-Axpo-PluSport_quer.jpg?fit=1754%2C1240&ssl=1","_links":{"self":[{"href":"https:\/\/saubere-veranstaltung.blog\/fr\/wp-json\/wp\/v2\/posts\/1588","targetHints":{"allow":["GET"]}}],"collection":[{"href":"https:\/\/saubere-veranstaltung.blog\/fr\/wp-json\/wp\/v2\/posts"}],"about":[{"href":"https:\/\/saubere-veranstaltung.blog\/fr\/wp-json\/wp\/v2\/types\/post"}],"author":[{"embeddable":true,"href":"https:\/\/saubere-veranstaltung.blog\/fr\/wp-json\/wp\/v2\/users\/176841589"}],"replies":[{"embeddable":true,"href":"https:\/\/saubere-veranstaltung.blog\/fr\/wp-json\/wp\/v2\/comments?post=1588"}],"version-history":[{"count":4,"href":"https:\/\/saubere-veranstaltung.blog\/fr\/wp-json\/wp\/v2\/posts\/1588\/revisions"}],"predecessor-version":[{"id":1592,"href":"https:\/\/saubere-veranstaltung.blog\/fr\/wp-json\/wp\/v2\/posts\/1588\/revisions\/1592"}],"wp:featuredmedia":[{"embeddable":true,"href":"https:\/\/saubere-veranstaltung.blog\/fr\/wp-json\/wp\/v2\/media\/1565"}],"wp:attachment":[{"href":"https:\/\/saubere-veranstaltung.blog\/fr\/wp-json\/wp\/v2\/media?parent=1588"}],"wp:term":[{"taxonomy":"category","embeddable":true,"href":"https:\/\/saubere-veranstaltung.blog\/fr\/wp-json\/wp\/v2\/categories?post=1588"},{"taxonomy":"post_tag","embeddable":true,"href":"https:\/\/saubere-veranstaltung.blog\/fr\/wp-json\/wp\/v2\/tags?post=1588"}],"curies":[{"name":"wp","href":"https:\/\/api.w.org\/{rel}","templated":true}]}}