{"id":1695,"date":"2024-10-23T11:31:57","date_gmt":"2024-10-23T09:31:57","guid":{"rendered":"https:\/\/saubere-veranstaltung.blog\/?p=1695"},"modified":"2024-10-24T08:17:17","modified_gmt":"2024-10-24T06:17:17","slug":"une-actualisation-bienvenue","status":"publish","type":"post","link":"https:\/\/saubere-veranstaltung.blog\/fr\/une-actualisation-bienvenue\/","title":{"rendered":"Nouveaux crit\u00e8res de durabilit\u00e9 &#8211; Cr\u00e9ez votre profilEVENT maintenant"},"content":{"rendered":"<p><strong>Qu&rsquo;est-ce qu&rsquo;un \u00e9v\u00e9nement durable ? C\u2019est une question d\u00e9licate.<\/strong><\/p>\n<p>Est-ce une manifestation comme le <a href=\"https:\/\/marcheconcours.ch\/fr\/\" target=\"_blank\" rel=\"noopener\">March\u00e9-Concours<\/a>, qui se d\u00e9roule depuis plus de 120 ans ? Est-ce que ce sont des \u00e9v\u00e9nements comme le <a href=\"https:\/\/yeah.paleo.ch\/fr\/politique-environnementale\" target=\"_blank\" rel=\"noopener\">Paleo Festival<\/a> ou la <a href=\"https:\/\/asvz.ch\/282302-sola-stafette\" target=\"_blank\" rel=\"noopener\">\u00a0SOLA Stafette<\/a> \u00e0 Zurich qui ont ancr\u00e9 la durabilit\u00e9 dans leur ADN ? Est-ce que ce sont des \u00e9v\u00e9nements comme le <a href=\"https:\/\/www.slowup.ch\/national\/fr.html\" target=\"_blank\" rel=\"noopener\">slowUp<\/a> ou le <a href=\"https:\/\/www.cinema-solaire.ch\/\" target=\"_blank\" rel=\"noopener\">cin\u00e9ma solaire<\/a> qui reposent sur une orientation de base respectueuse des ressources ? Ou est-ce que ce sont les manifestations qui n&rsquo;ont m\u00eame pas lieu ?<\/p>\n<p>Heureusement, nous n&rsquo;avons pas (encore) eu \u00e0 r\u00e9pondre \u00e0 cette question. Nous avons d\u00e9j\u00e0 eu suffisamment de sujets de discussion autour de la r\u00e9vision de la liste des mesures du ProfilEVENT au cours des derniers mois. Nous sommes d&rsquo;autant plus heureux de voir sur le site manifestation-verte.ch depuis septembre ces 58 mesures de durabilit\u00e9 actualis\u00e9es, avec une nouvelle pond\u00e9ration et un lien avec les ODD.<\/p>\n<p>En ce qui concerne les cat\u00e9gories, \u00ab\u00a0Sant\u00e9 &amp; Pr\u00e9vention\u00a0\u00bb, \u00ab\u00a0Accessibilit\u00e9 &amp; Coh\u00e9sion sociale\u00a0\u00bb ou encore \u00ab\u00a0\u00c9conomie\u00a0\u00bb ont \u00e9t\u00e9 ajout\u00e9es. Nous avons mis \u00e0 jour les mesures obsol\u00e8tes, ajout\u00e9 celles qui manquaient, remplac\u00e9 celles qui n&rsquo;\u00e9taient plus pertinentes et tenu compte des \u00e9volutions actuelles. Ainsi, l&rsquo;accent est davantage mis sur les mesures visant \u00e0 promouvoir les transports publics \u00e0 d\u00e9velopper les offres de restauration v\u00e9g\u00e9tariennes ou \u00e0 promouvoir l&rsquo;\u00e9galit\u00e9 et l&rsquo;inclusion.<\/p>\n<p>Les nouvelles mesures ont \u00e9t\u00e9 \u00e9labor\u00e9es avec le soutien d&rsquo;<a href=\"https:\/\/www.ebp.global\/ch-de\" target=\"_blank\" rel=\"noopener\">Ernst Basler und Partner<\/a> et de l&rsquo;Institut de <a href=\"https:\/\/www.hslu.ch\/de-ch\/wirtschaft\/institute\/itm\/\" target=\"_blank\" rel=\"noopener\">tourisme et de mobilit\u00e9 de la Haute \u00e9cole de Lucerne<\/a>, et ont \u00e9t\u00e9 consolid\u00e9es avec diff\u00e9rents offices f\u00e9d\u00e9raux, cantons, villes, Swiss Olympic et d\u2019autres parties prenantes. A l&rsquo;avenir, elles seront mis \u00e0 jour tous les deux ou trois ans dans le cadre d&rsquo;un processus participatif avec les parties prenantes.<\/p>\n<p>La liste des mesures peut \u00eatre t\u00e9l\u00e9charg\u00e9e <a href=\"https:\/\/saubere-veranstaltung.ch\/download\/Filecontainer\/DocumentFolder\/eventprofil_massnahmenliste_de_fr_2024.pdf\">ici<\/a> et surtout remplie sur <a href=\"https:\/\/manifestation-verte.ch\/EventProfil\/Map\" target=\"_blank\" rel=\"noopener\">manifestation-verte.ch<\/a>. En remplissant le ProfilEVENT, les organisatrices et organisateurs de manifestations re\u00e7oivent une \u00e9valuation gratuite de leur performance en mati\u00e8re de durabilit\u00e9. Cela leur permet d&rsquo;\u00e9valuer o\u00f9 ils se situent en termes de durabilit\u00e9. Le ProfilEVENT peut \u00e9galement \u00eatre communiqu\u00e9 aux partenaires ou au public via un code QR.<\/p>\n<p>&nbsp;<\/p>\n<p><img data-recalc-dims=\"1\" loading=\"lazy\" decoding=\"async\" data-attachment-id=\"1700\" data-permalink=\"https:\/\/saubere-veranstaltung.blog\/fr\/une-actualisation-bienvenue\/grafik_prozess_fr_241018-2\/\" data-orig-file=\"https:\/\/i0.wp.com\/saubere-veranstaltung.blog\/wp-content\/uploads\/2024\/10\/Grafik_Prozess_FR_241018.jpg?fit=6076%2C1508&amp;ssl=1\" data-orig-size=\"6076,1508\" data-comments-opened=\"1\" data-image-meta=\"{&quot;aperture&quot;:&quot;0&quot;,&quot;credit&quot;:&quot;&quot;,&quot;camera&quot;:&quot;&quot;,&quot;caption&quot;:&quot;&quot;,&quot;created_timestamp&quot;:&quot;0&quot;,&quot;copyright&quot;:&quot;&quot;,&quot;focal_length&quot;:&quot;0&quot;,&quot;iso&quot;:&quot;0&quot;,&quot;shutter_speed&quot;:&quot;0&quot;,&quot;title&quot;:&quot;&quot;,&quot;orientation&quot;:&quot;0&quot;}\" data-image-title=\"Grafik_Prozess_FR_241018\" data-image-description=\"\" data-image-caption=\"\" data-large-file=\"https:\/\/i0.wp.com\/saubere-veranstaltung.blog\/wp-content\/uploads\/2024\/10\/Grafik_Prozess_FR_241018.jpg?fit=1024%2C254&amp;ssl=1\" class=\"alignleft size-large wp-image-1700\" src=\"https:\/\/i0.wp.com\/saubere-veranstaltung.blog\/wp-content\/uploads\/2024\/10\/Grafik_Prozess_FR_241018.jpg?resize=1024%2C254&#038;ssl=1\" alt=\"\" width=\"1024\" height=\"254\" srcset=\"https:\/\/i0.wp.com\/saubere-veranstaltung.blog\/wp-content\/uploads\/2024\/10\/Grafik_Prozess_FR_241018.jpg?resize=1024%2C254&amp;ssl=1 1024w, https:\/\/i0.wp.com\/saubere-veranstaltung.blog\/wp-content\/uploads\/2024\/10\/Grafik_Prozess_FR_241018.jpg?resize=300%2C74&amp;ssl=1 300w, https:\/\/i0.wp.com\/saubere-veranstaltung.blog\/wp-content\/uploads\/2024\/10\/Grafik_Prozess_FR_241018.jpg?resize=768%2C191&amp;ssl=1 768w, https:\/\/i0.wp.com\/saubere-veranstaltung.blog\/wp-content\/uploads\/2024\/10\/Grafik_Prozess_FR_241018.jpg?resize=1536%2C381&amp;ssl=1 1536w, https:\/\/i0.wp.com\/saubere-veranstaltung.blog\/wp-content\/uploads\/2024\/10\/Grafik_Prozess_FR_241018.jpg?resize=2048%2C508&amp;ssl=1 2048w, https:\/\/i0.wp.com\/saubere-veranstaltung.blog\/wp-content\/uploads\/2024\/10\/Grafik_Prozess_FR_241018.jpg?resize=720%2C179&amp;ssl=1 720w, https:\/\/i0.wp.com\/saubere-veranstaltung.blog\/wp-content\/uploads\/2024\/10\/Grafik_Prozess_FR_241018.jpg?resize=560%2C139&amp;ssl=1 560w, https:\/\/i0.wp.com\/saubere-veranstaltung.blog\/wp-content\/uploads\/2024\/10\/Grafik_Prozess_FR_241018.jpg?w=2280&amp;ssl=1 2280w, https:\/\/i0.wp.com\/saubere-veranstaltung.blog\/wp-content\/uploads\/2024\/10\/Grafik_Prozess_FR_241018.jpg?w=3420&amp;ssl=1 3420w\" sizes=\"auto, (max-width: 1024px) 100vw, 1024px\" \/><\/p>\n<p>&nbsp;<\/p>\n<p>Plus que la question d\u00e9licate de savoir ce qui fait une manifestation durable, il est important que les organisatrices et organisateurs de manifestations s&rsquo;engagent et s&rsquo;am\u00e9liorent continuellement. Ils sont des exemples et une inspiration pour le public. Une communication ouverte sur le degr\u00e9 de r\u00e9alisation des objectifs de durabilit\u00e9 suscite la confiance &#8211; m\u00eame si tout n&rsquo;est pas encore parfaitement mis en \u0153uvre.<\/p>\n<p>&nbsp;<\/p>\n<p>&nbsp;<\/p>\n","protected":false},"excerpt":{"rendered":"<p>Qu&rsquo;est-ce qu&rsquo;un \u00e9v\u00e9nement durable ? C\u2019est une question d\u00e9licate. Est-ce une manifestation comme le March\u00e9-Concours, qui se d\u00e9roule depuis plus &hellip; <a class=\"more-link\" href=\"https:\/\/saubere-veranstaltung.blog\/fr\/une-actualisation-bienvenue\/\">Plus<\/a><\/p>\n","protected":false},"author":176841589,"featured_media":1687,"comment_status":"open","ping_status":"open","sticky":false,"template":"","format":"standard","meta":{"_coblocks_attr":"","_coblocks_dimensions":"","_coblocks_responsive_height":"","_coblocks_accordion_ie_support":"","advanced_seo_description":"","jetpack_seo_html_title":"","jetpack_seo_noindex":false,"jetpack_seo_schema_type":"","_jetpack_newsletter_access":"","_jetpack_dont_email_post_to_subs":false,"_jetpack_newsletter_tier_id":0,"_jetpack_memberships_contains_paywalled_content":false,"_wpcom_ai_launchpad_first_post":false,"_jetpack_feature_clip_id":0,"_jetpack_memberships_contains_paid_content":false,"footnotes":"","jetpack_publicize_message":"{title}\n\n{excerpt}\n\n{url}","jetpack_publicize_feature_enabled":true,"jetpack_social_post_already_shared":true,"jetpack_social_options":{"image_generator_settings":{"template":"highway","default_image_id":0,"font":"","enabled":false},"version":2},"_wpas_customize_per_network":false,"jetpack_post_was_ever_published":true},"categories":[35904],"tags":[36039,36030,36040],"class_list":["post-1695","post","type-post","status-publish","format-standard","has-post-thumbnail","hentry","category-unkategorisiert-fr","tag-evenementsverts","tag-bestpractice-fr","tag-objectifsdurabilite","","fallback-thumbnail"],"jetpack_publicize_connections":[],"jetpack_likes_enabled":true,"jetpack_sharing_enabled":true,"jetpack_shortlink":"https:\/\/wp.me\/pbwSCu-rl","amp_enabled":true,"jetpack_featured_media_url":"https:\/\/i0.wp.com\/saubere-veranstaltung.blog\/wp-content\/uploads\/2024\/10\/Landkarte.png?fit=1000%2C580&ssl=1","_links":{"self":[{"href":"https:\/\/saubere-veranstaltung.blog\/fr\/wp-json\/wp\/v2\/posts\/1695","targetHints":{"allow":["GET"]}}],"collection":[{"href":"https:\/\/saubere-veranstaltung.blog\/fr\/wp-json\/wp\/v2\/posts"}],"about":[{"href":"https:\/\/saubere-veranstaltung.blog\/fr\/wp-json\/wp\/v2\/types\/post"}],"author":[{"embeddable":true,"href":"https:\/\/saubere-veranstaltung.blog\/fr\/wp-json\/wp\/v2\/users\/176841589"}],"replies":[{"embeddable":true,"href":"https:\/\/saubere-veranstaltung.blog\/fr\/wp-json\/wp\/v2\/comments?post=1695"}],"version-history":[{"count":12,"href":"https:\/\/saubere-veranstaltung.blog\/fr\/wp-json\/wp\/v2\/posts\/1695\/revisions"}],"predecessor-version":[{"id":1720,"href":"https:\/\/saubere-veranstaltung.blog\/fr\/wp-json\/wp\/v2\/posts\/1695\/revisions\/1720"}],"wp:featuredmedia":[{"embeddable":true,"href":"https:\/\/saubere-veranstaltung.blog\/fr\/wp-json\/wp\/v2\/media\/1687"}],"wp:attachment":[{"href":"https:\/\/saubere-veranstaltung.blog\/fr\/wp-json\/wp\/v2\/media?parent=1695"}],"wp:term":[{"taxonomy":"category","embeddable":true,"href":"https:\/\/saubere-veranstaltung.blog\/fr\/wp-json\/wp\/v2\/categories?post=1695"},{"taxonomy":"post_tag","embeddable":true,"href":"https:\/\/saubere-veranstaltung.blog\/fr\/wp-json\/wp\/v2\/tags?post=1695"}],"curies":[{"name":"wp","href":"https:\/\/api.w.org\/{rel}","templated":true}]}}