{"id":88,"date":"2019-09-13T20:35:00","date_gmt":"2019-09-13T18:35:00","guid":{"rendered":"https:\/\/saubere-veranstaltung.blog\/?p=88"},"modified":"2020-03-01T20:36:26","modified_gmt":"2020-03-01T18:36:26","slug":"%e2%80%8besaf-2019-in-zug-setzt-bei-der-nachhaltigkeit-neue-massstabe","status":"publish","type":"post","link":"https:\/\/saubere-veranstaltung.blog\/fr\/%e2%80%8besaf-2019-in-zug-setzt-bei-der-nachhaltigkeit-neue-massstabe\/","title":{"rendered":"\u200bESAF 2019 in Zug setzt bei der Nachhaltigkeit neue Massst\u00e4be"},"content":{"rendered":"\n<p class=\"wp-block-paragraph\">Das Organisationskomitee des Eidgen\u00f6ssischen Schwing-\u200b und \u00c4lplerfests ESAF 2019 in Zug will ein nachhaltigstes Schwingfest ausrichten. Gemeinsam mit Besuchenden und Sponsoren soll das Fest klimaneutral und zum Vorreiterevent in allen Bereichen der Nachhaltigkeit werden. Zum ersten Mal bei einem \u00abEidgen\u00f6ssischen\u00bb wird der \u00f6kologische Festabdruck berechnet und das ausgestossene CO2 kompensiert.<br>\u00a0<br><em>Warum Nachhaltigkeit?<\/em><br>Heinz T\u00e4nnler, OK-Pr\u00e4sident, meint dazu: \u00abDas ESAF ist ein Mega-Event. Da kommen \u00fcber 300\u2019000 Leute f\u00fcr drei Tage nach Zug. Das sind Herausforderungen und sicherlich auch Belastungen f\u00fcr das gesamte Umfeld. Es ist einfach zeitgerecht, dass man einen solchen Event so nachhaltig wie m\u00f6glich austr\u00e4gt.\u00bb<br>\u00a0<br><em>\u00dcber 20 Massnahmen<\/em><br>Andreas Lustenberger, Stabsstellenleiter Nachhaltigkeit, setzt sich mit seinem vierk\u00f6pfigen Team daf\u00fcr ein, dass in Zug die bisher beste \u00d6ko-Bilanz eines \u00abEidgen\u00f6ssischen\u00bb erreicht wird. Hierf\u00fcr wurden \u00fcber 20 Massnahmen definiert. Die Anreise mit dem \u00f6ffentlichen Verkehr ist im Ticket inbegriffen. Anstelle eines Festf\u00fchrers wird ein kleines Booklet verteilt. Dadurch werden \u00fcber 18 Tonnen Papier eingespart. Die Sponsoren werden angehalten, m\u00f6glichst wenig Sampling zu betreiben. Auf Sampling-Abfall wird zudem eine Umweltabgabe erhoben. Weiter bezieht das ESAF in Zug zu 100 Prozent \u00d6ko-Strom. Aus den Werbebanden werden zwei Zuger Sozial-Organisationen Taschen produzieren. Ein Teil des S\u00e4gemehls wird f\u00fcr die Renaturierung des Hochmoors auf dem Zugerberg eingesetzt.<br>\u00a0<br><em>Wegweisendes Depotkonzept<\/em><br>Die Besuchenden des ESAF 2019 in Zug k\u00f6nnen sich durch das Spenden des Depots auf Glasflaschen f\u00fcr die Nachhaltigkeit einsetzten. Jeder gespendete Depot-Franken fliesst in den \u00abNachhaltigkeitstopf\u00bb. Dieser wird f\u00fcr CO2- Kompensationszahlungen verwendet und in Nachhaltigkeitsprojekte im In- und Ausland investiert.<\/p>\n","protected":false},"excerpt":{"rendered":"<p>Das Organisationskomitee des Eidgen\u00f6ssischen Schwing-\u200b und \u00c4lplerfests ESAF 2019 in Zug will ein nachhaltigstes Schwingfest ausrichten. Gemeinsam mit Besuchenden und &hellip; <a class=\"more-link\" href=\"https:\/\/saubere-veranstaltung.blog\/fr\/%e2%80%8besaf-2019-in-zug-setzt-bei-der-nachhaltigkeit-neue-massstabe\/\">Plus<\/a><\/p>\n","protected":false},"author":176841589,"featured_media":90,"comment_status":"open","ping_status":"open","sticky":false,"template":"","format":"standard","meta":{"_coblocks_attr":"","_coblocks_dimensions":"","_coblocks_responsive_height":"","_coblocks_accordion_ie_support":"","advanced_seo_description":"","jetpack_seo_html_title":"","jetpack_seo_noindex":false,"jetpack_seo_schema_type":"","_jetpack_newsletter_access":"","_jetpack_dont_email_post_to_subs":false,"_jetpack_newsletter_tier_id":0,"_jetpack_memberships_contains_paywalled_content":false,"_wpcom_ai_launchpad_first_post":false,"_jetpack_feature_clip_id":0,"_jetpack_memberships_contains_paid_content":false,"footnotes":"","jetpack_publicize_message":"{title}\n\n{excerpt}\n\n{url}","jetpack_publicize_feature_enabled":true,"jetpack_social_post_already_shared":false,"jetpack_social_options":{"image_generator_settings":{"template":"highway","default_image_id":0,"font":"","enabled":false},"version":2},"_wpas_customize_per_network":false,"jetpack_post_was_ever_published":false},"categories":[35904],"tags":[],"class_list":["post-88","post","type-post","status-publish","format-standard","has-post-thumbnail","hentry","category-unkategorisiert-fr","","fallback-thumbnail"],"jetpack_publicize_connections":[],"jetpack_likes_enabled":true,"jetpack_sharing_enabled":true,"jetpack_shortlink":"https:\/\/wp.me\/pbwSCu-1q","amp_enabled":true,"jetpack_featured_media_url":"https:\/\/i0.wp.com\/saubere-veranstaltung.blog\/wp-content\/uploads\/2020\/03\/esaf.jpg?fit=413%2C310&ssl=1","_links":{"self":[{"href":"https:\/\/saubere-veranstaltung.blog\/fr\/wp-json\/wp\/v2\/posts\/88","targetHints":{"allow":["GET"]}}],"collection":[{"href":"https:\/\/saubere-veranstaltung.blog\/fr\/wp-json\/wp\/v2\/posts"}],"about":[{"href":"https:\/\/saubere-veranstaltung.blog\/fr\/wp-json\/wp\/v2\/types\/post"}],"author":[{"embeddable":true,"href":"https:\/\/saubere-veranstaltung.blog\/fr\/wp-json\/wp\/v2\/users\/176841589"}],"replies":[{"embeddable":true,"href":"https:\/\/saubere-veranstaltung.blog\/fr\/wp-json\/wp\/v2\/comments?post=88"}],"version-history":[{"count":1,"href":"https:\/\/saubere-veranstaltung.blog\/fr\/wp-json\/wp\/v2\/posts\/88\/revisions"}],"predecessor-version":[{"id":89,"href":"https:\/\/saubere-veranstaltung.blog\/fr\/wp-json\/wp\/v2\/posts\/88\/revisions\/89"}],"wp:featuredmedia":[{"embeddable":true,"href":"https:\/\/saubere-veranstaltung.blog\/fr\/wp-json\/wp\/v2\/media\/90"}],"wp:attachment":[{"href":"https:\/\/saubere-veranstaltung.blog\/fr\/wp-json\/wp\/v2\/media?parent=88"}],"wp:term":[{"taxonomy":"category","embeddable":true,"href":"https:\/\/saubere-veranstaltung.blog\/fr\/wp-json\/wp\/v2\/categories?post=88"},{"taxonomy":"post_tag","embeddable":true,"href":"https:\/\/saubere-veranstaltung.blog\/fr\/wp-json\/wp\/v2\/tags?post=88"}],"curies":[{"name":"wp","href":"https:\/\/api.w.org\/{rel}","templated":true}]}}